{"id":188,"date":"2026-02-24T15:24:06","date_gmt":"2026-02-24T18:24:06","guid":{"rendered":"https:\/\/anapaulasilvestre.med.br\/?p=188"},"modified":"2026-02-24T15:25:17","modified_gmt":"2026-02-24T18:25:17","slug":"acne-um-problema-que-atinge-a-todos-as-idades","status":"publish","type":"post","link":"http:\/\/anapaulasilvestre.med.br\/?p=188","title":{"rendered":"Acne: Um Problema que atinge a todos as idades"},"content":{"rendered":"<p>A acne \u00e9 uma condi\u00e7\u00e3o dermatol\u00f3gica muito comum que afeta principalmente adolescentes e adultos jovens. Trata-se de uma doen\u00e7a multifatorial, inflamat\u00f3ria e cr\u00f4nica da unidade pilosseb\u00e1cea, formada por grandes gl\u00e2ndulas seb\u00e1ceas multilobulares, um pelo e um canal folicular largo revestido por epit\u00e9lio escamoso estratificado.<\/p>\n<p>Com exce\u00e7\u00e3o das palmas das m\u00e3os e das plantas dos p\u00e9s, essas unidades pilosseb\u00e1ceas est\u00e3o presentes em todo o corpo, com maior densidade e atividade dos fol\u00edculos na face, no colo e no dorso.<\/p>\n<p>As les\u00f5es de acne s\u00e3o classificadas em n\u00e3o inflamat\u00f3rias e inflamat\u00f3rias. As n\u00e3o inflamat\u00f3rias apresentam apenas comed\u00f5es (cravos), sem sinais de inflama\u00e7\u00e3o, sendo denominadas Grau I. J\u00e1 a acne inflamat\u00f3ria pode ser dividida em Grau II, do tipo p\u00e1pulo-pustulosa, caracterizada por comed\u00f5es, p\u00e1pulas e p\u00fastulas; Grau III, do tipo n\u00f3dulo-c\u00edstica, com presen\u00e7a de comed\u00f5es, p\u00e1pulas, p\u00fastulas, n\u00f3dulos e cistos; e Grau IV, conhecida como conglobata, caracterizada por m\u00faltiplos n\u00f3dulos inflamat\u00f3rios, forma\u00e7\u00e3o de abscessos e f\u00edstulas.<\/p>\n<p>O problema afeta cerca de 80% dos adolescentes, sendo que entre 15% e 20% apresentam acne de moderada a grave. Estudos apontam que 50% dos meninos entre 10 e 11 anos j\u00e1 possuem mais de dez cravos, e que meninas entre 8 e 12 anos j\u00e1 apresentam manifesta\u00e7\u00f5es de acne.<\/p>\n<p>Nos \u00faltimos anos, especialistas t\u00eam observado o in\u00edcio cada vez mais precoce da acne, com surgimento do quadro em crian\u00e7as de oito e nove anos. Essa observa\u00e7\u00e3o cl\u00ednica \u00e9 sustentada por evid\u00eancias epidemiol\u00f3gicas que indicam redu\u00e7\u00e3o na m\u00e9dia de idade de in\u00edcio da puberdade.<\/p>\n<p>Na fase adulta, a acne pode persistir. Um estudo com dois mil adultos demonstrou que 3% dos homens e 5% das mulheres entre 40 e 49 anos apresentam algum grau da doen\u00e7a.<\/p>\n<p>Outro dado relevante \u00e9 a forte influ\u00eancia heredit\u00e1ria, com hist\u00f3rico familiar presente em cerca de 80% dos casos entre parentes de primeiro grau.<\/p>\n<p>Al\u00e9m da predisposi\u00e7\u00e3o gen\u00e9tica, outros fatores podem desencadear ou agravar a acne, como o estresse, frequentemente identificado como gatilho para piora do quadro, e os h\u00e1bitos de higiene. Existe uma percep\u00e7\u00e3o comum de que baixos n\u00edveis de higiene favorecem o desenvolvimento ou agravamento da acne vulgar, embora essa rela\u00e7\u00e3o n\u00e3o seja t\u00e3o simples quanto se imagina.<\/p>\n","protected":false},"excerpt":{"rendered":"<p>A acne \u00e9 uma condi\u00e7\u00e3o dermatol\u00f3gica muito comum que afeta principalmente adolescentes e adultos jovens. Trata-se de uma doen\u00e7a multifatorial, inflamat\u00f3ria e cr\u00f4nica da unidade pilosseb\u00e1cea, formada por grandes gl\u00e2ndulas seb\u00e1ceas multilobulares, um pelo e um canal folicular largo revestido por epit\u00e9lio escamoso estratificado. Com exce\u00e7\u00e3o das palmas das m\u00e3os e das plantas dos p\u00e9s, [&hellip;]<\/p>\n","protected":false},"author":1,"featured_media":189,"comment_status":"open","ping_status":"open","sticky":false,"template":"","format":"standard","meta":{"footnotes":""},"categories":[1,9],"tags":[],"class_list":["post-188","post","type-post","status-publish","format-standard","has-post-thumbnail","hentry","category-sem-categoria","category-tratamentos"],"_links":{"self":[{"href":"http:\/\/anapaulasilvestre.med.br\/index.php?rest_route=\/wp\/v2\/posts\/188","targetHints":{"allow":["GET"]}}],"collection":[{"href":"http:\/\/anapaulasilvestre.med.br\/index.php?rest_route=\/wp\/v2\/posts"}],"about":[{"href":"http:\/\/anapaulasilvestre.med.br\/index.php?rest_route=\/wp\/v2\/types\/post"}],"author":[{"embeddable":true,"href":"http:\/\/anapaulasilvestre.med.br\/index.php?rest_route=\/wp\/v2\/users\/1"}],"replies":[{"embeddable":true,"href":"http:\/\/anapaulasilvestre.med.br\/index.php?rest_route=%2Fwp%2Fv2%2Fcomments&post=188"}],"version-history":[{"count":1,"href":"http:\/\/anapaulasilvestre.med.br\/index.php?rest_route=\/wp\/v2\/posts\/188\/revisions"}],"predecessor-version":[{"id":190,"href":"http:\/\/anapaulasilvestre.med.br\/index.php?rest_route=\/wp\/v2\/posts\/188\/revisions\/190"}],"wp:featuredmedia":[{"embeddable":true,"href":"http:\/\/anapaulasilvestre.med.br\/index.php?rest_route=\/wp\/v2\/media\/189"}],"wp:attachment":[{"href":"http:\/\/anapaulasilvestre.med.br\/index.php?rest_route=%2Fwp%2Fv2%2Fmedia&parent=188"}],"wp:term":[{"taxonomy":"category","embeddable":true,"href":"http:\/\/anapaulasilvestre.med.br\/index.php?rest_route=%2Fwp%2Fv2%2Fcategories&post=188"},{"taxonomy":"post_tag","embeddable":true,"href":"http:\/\/anapaulasilvestre.med.br\/index.php?rest_route=%2Fwp%2Fv2%2Ftags&post=188"}],"curies":[{"name":"wp","href":"https:\/\/api.w.org\/{rel}","templated":true}]}}